{"id":6783,"date":"2025-07-12T00:48:49","date_gmt":"2025-07-11T22:48:49","guid":{"rendered":"https:\/\/www.redmedcapital.com\/?p=6783"},"modified":"2025-07-12T00:50:29","modified_gmt":"2025-07-11T22:50:29","slug":"red-med-private-equity-selectionnee-par-le-fonds-mohammed-vi-pour-linvestissement","status":"publish","type":"post","link":"https:\/\/www.redmedcapital.com\/en\/2025\/07\/12\/red-med-private-equity-selectionnee-par-le-fonds-mohammed-vi-pour-linvestissement\/","title":{"rendered":"Red Med Private Equity s\u00e9lectionn\u00e9e par le Fonds Mohammed VI pour l\u2019Investissement"},"content":{"rendered":"<section class=\"l-section wpb_row height_small\"><div class=\"l-section-h i-cf\"><div class=\"g-cols vc_row type_default valign_top\"><div class=\"vc_col-sm-12 wpb_column vc_column_container\"><div class=\"vc_column-inner\"><div class=\"wpb_wrapper\"><div class=\"wpb_text_column\" ><div class=\"wpb_wrapper\"><p style=\"font-weight: 400;\">Red Med Private Equity est fi\u00e8re d\u2019annoncer sa s\u00e9lection parmi les 14 soci\u00e9t\u00e9s de gestion, dont 9 nationales, retenues par le\u00a0Fonds Mohammed VI pour l\u2019Investissement (FM6I), \u00e0 l\u2019issue de l\u2019appel \u00e0 manifestation d\u2019int\u00e9r\u00eat FM6I\/AMI\/01\/23 qui avait re\u00e7u 47 offres.<\/p>\n<p style=\"font-weight: 400;\">Dans le cadre de ce programme, Red Med Private Equity participera \u00e0\u00a0 la gestion du Fonds, compos\u00e9 de 7 fonds g\u00e9n\u00e9ralistes et 7 fonds sectoriels, con\u00e7u pour accompagner les entreprises marocaines dans leur croissance et leur transformation. Cette initiative contribuera au d\u00e9veloppement de fili\u00e8res strat\u00e9giques et \u00e0 la structuration du tissu \u00e9conomique, en ligne avec les orientations du discours royal du 9 octobre 2020.<\/p>\n<p style=\"font-weight: 400;\">\u00ab\u00a0Faire partie des premiers fonds s\u00e9lectionn\u00e9s \u00a0par le FM6I est une reconnaissance \u00a0de la place qu\u2019occupe Red Med Private Equity dans le capital investissement marocain. Elle refl\u00e8te notre engagement pour l\u2019investissement responsable, notre expertise et notre capacit\u00e9 \u00e0 mobiliser des ressources aux meilleurs standards au \u00a0b\u00e9n\u00e9fice des PME et ETI marocaines \u00bb, a d\u00e9clar\u00e9 Mohamed Nasset, Red Med Private Equity.<\/p>\n<p style=\"font-weight: 400;\">Gr\u00e2ce \u00e0 l\u2019effet de levier apport\u00e9 par les fonds priv\u00e9s et publics, l\u2019enveloppe globale mobilis\u00e9e dans ce dispositif atteint\u00a019 milliards de dirhams, dont\u00a04,5 milliards\u00a0provenant du FM6I. L\u2019objectif est clair : soutenir une dynamique d\u2019investissement cibl\u00e9e, durable et porteuse de valeur, tout en respectant des normes strictes en mati\u00e8re environnementale, sociale et de gouvernance (ESG).\u00a0Pas n\u00e9cessaire \u00e0 mon sens<\/p>\n<\/div><\/div><\/div><\/div><\/div><\/div><\/div><\/section><section class=\"l-section wpb_row height_small width_full with_overlay\"><div class=\"l-section-overlay\" style=\"background: #f5f5f5\"><\/div><div class=\"l-section-h i-cf\"><div class=\"g-cols vc_row type_default valign_top\"><div class=\"vc_col-sm-12 wpb_column vc_column_container animate_afb\"><div class=\"vc_column-inner\"><div class=\"wpb_wrapper\"><div class=\"g-cols wpb_row  type_default valign_middle vc_inner\"><div class=\"vc_col-sm-2 wpb_column vc_column_container\"><div class=\"vc_column-inner\"><div class=\"wpb_wrapper\"><\/div><\/div><\/div><div class=\"vc_col-sm-2 wpb_column vc_column_container\"><div class=\"vc_column-inner\"><div class=\"wpb_wrapper\"><h3 class=\"w-text us_custom_1f257949\"><span class=\"w-text-h\"><span class=\"w-text-value\">Read more<\/span><\/span><\/h3><\/div><\/div><\/div><div class=\"vc_col-sm-2 wpb_column vc_column_container\"><div class=\"vc_column-inner\"><div class=\"wpb_wrapper\"><div class=\"w-image align_center animate_afb\" style=\"animation-delay:0.2s\"><a href=\"https:\/\/maroc-diplomatique.net\/banque-daffaires-conseil-et-investissement-amine-alami-decline-la-vision-de-red-med-au-maroc\/\" aria-label=\"Link\" class=\"w-image-h\"><img loading=\"lazy\" decoding=\"async\" width=\"646\" height=\"298\" src=\"https:\/\/www.redmedcapital.com\/wp-content\/uploads\/2025\/05\/Capture-decran-2025-05-30-a-14.37.12.png\" class=\"attachment-large size-large\" alt=\"\" \/><\/a><\/div><\/div><\/div><\/div><div class=\"vc_col-sm-2 wpb_column vc_column_container\"><div class=\"vc_column-inner\"><div class=\"wpb_wrapper\"><\/div><\/div><\/div><div class=\"vc_col-sm-2 wpb_column vc_column_container\"><div class=\"vc_column-inner\"><div class=\"wpb_wrapper\"><\/div><\/div><\/div><div class=\"vc_col-sm-2 wpb_column vc_column_container\"><div class=\"vc_column-inner\"><div class=\"wpb_wrapper\"><\/div><\/div><\/div><\/div><\/div><\/div><\/div><\/div><\/div><\/section>","protected":false},"excerpt":{"rendered":"Red Med Private Equity est fi\u00e8re d\u2019annoncer sa s\u00e9lection parmi les 14 soci\u00e9t\u00e9s de gestion, dont 9 nationales, retenues par le\u00a0Fonds Mohammed VI pour l\u2019Investissement (FM6I), \u00e0 l\u2019issue de l\u2019appel \u00e0 manifestation d\u2019int\u00e9r\u00eat FM6I\/AMI\/01\/23 qui avait re\u00e7u 47 offres. Dans le cadre de ce programme, Red Med Private Equity participera \u00e0\u00a0 la gestion du Fonds,...","protected":false},"author":3,"featured_media":6784,"comment_status":"open","ping_status":"open","sticky":false,"template":"","format":"standard","meta":{"_acf_changed":false,"om_disable_all_campaigns":false,"footnotes":""},"categories":[3],"tags":[],"class_list":["post-6783","post","type-post","status-publish","format-standard","has-post-thumbnail","hentry","category-actualites"],"acf":[],"aioseo_notices":[],"_links":{"self":[{"href":"https:\/\/www.redmedcapital.com\/en\/wp-json\/wp\/v2\/posts\/6783","targetHints":{"allow":["GET"]}}],"collection":[{"href":"https:\/\/www.redmedcapital.com\/en\/wp-json\/wp\/v2\/posts"}],"about":[{"href":"https:\/\/www.redmedcapital.com\/en\/wp-json\/wp\/v2\/types\/post"}],"author":[{"embeddable":true,"href":"https:\/\/www.redmedcapital.com\/en\/wp-json\/wp\/v2\/users\/3"}],"replies":[{"embeddable":true,"href":"https:\/\/www.redmedcapital.com\/en\/wp-json\/wp\/v2\/comments?post=6783"}],"version-history":[{"count":2,"href":"https:\/\/www.redmedcapital.com\/en\/wp-json\/wp\/v2\/posts\/6783\/revisions"}],"predecessor-version":[{"id":6786,"href":"https:\/\/www.redmedcapital.com\/en\/wp-json\/wp\/v2\/posts\/6783\/revisions\/6786"}],"wp:featuredmedia":[{"embeddable":true,"href":"https:\/\/www.redmedcapital.com\/en\/wp-json\/wp\/v2\/media\/6784"}],"wp:attachment":[{"href":"https:\/\/www.redmedcapital.com\/en\/wp-json\/wp\/v2\/media?parent=6783"}],"wp:term":[{"taxonomy":"category","embeddable":true,"href":"https:\/\/www.redmedcapital.com\/en\/wp-json\/wp\/v2\/categories?post=6783"},{"taxonomy":"post_tag","embeddable":true,"href":"https:\/\/www.redmedcapital.com\/en\/wp-json\/wp\/v2\/tags?post=6783"}],"curies":[{"name":"wp","href":"https:\/\/api.w.org\/{rel}","templated":true}]}}