{"id":6573,"date":"2025-03-25T13:24:37","date_gmt":"2025-03-25T12:24:37","guid":{"rendered":"https:\/\/www.redmedcapital.com\/?p=6573"},"modified":"2025-03-25T13:27:05","modified_gmt":"2025-03-25T12:27:05","slug":"granal-ouvre-son-capital-a-red-med-private-equity-et-amorce-une-nouvelle-phase-de-croissance","status":"publish","type":"post","link":"https:\/\/www.redmedcapital.com\/en\/2025\/03\/25\/granal-ouvre-son-capital-a-red-med-private-equity-et-amorce-une-nouvelle-phase-de-croissance\/","title":{"rendered":"Granal opens its capital to Red Med Private Equity and initiates a new phase of growth."},"content":{"rendered":"<section class=\"l-section wpb_row height_small\"><div class=\"l-section-h i-cf\"><div class=\"g-cols vc_row type_default valign_top\"><div class=\"vc_col-sm-12 wpb_column vc_column_container\"><div class=\"vc_column-inner\"><div class=\"wpb_wrapper\"><div class=\"wpb_text_column\" ><div class=\"wpb_wrapper\"><p><strong>Granal, acteur majeur de l\u2019exploitation de carri\u00e8res et filiale d\u2019Africorp Mining, p\u00f4le mines et carri\u00e8res de la holding Africorp Consortium, pr\u00e9sid\u00e9e par Saad Berrada Sounni, actionnaire majoritaire, annonce l\u2019entr\u00e9e du fonds d\u2019investissement Colombus 1 g\u00e9r\u00e9 par Red Med Private Equity (RMPE) \u00e0 hauteur de 20% de son capital.<\/strong><\/p>\n<p>Cette op\u00e9ration strat\u00e9gique permettra \u00e0 Granal d\u2019acc\u00e9l\u00e9rer son plan de d\u00e9veloppement 2025-2027, renfor\u00e7ant ainsi son maillage territorial et consolidant son r\u00f4le cl\u00e9 dans l\u2019accompagnement des infrastructures du Maroc.<\/p>\n<div class=\"td-a-rec td-a-rec-id-content_inline tdi_2 td_block_template_4\"><\/div>\n<p>Gr\u00e2ce \u00e0 ce partenariat, Granal pourra intensifier son implantation sur l\u2019ensemble du territoire national ainsi qu\u2019\u00e0 l\u2019international dans les prochaines ann\u00e9es afin d\u2019\u00eatre au plus proche de sa client\u00e8le et de diversifier son offre de produits afin de mieux r\u00e9pondre aux besoins du march\u00e9 en mat\u00e9riaux de construction. L\u2019entreprise pr\u00e9voit d\u2019ouvrir de nouveaux sites tout en diversifiant ses activit\u00e9s, marquant ainsi une avanc\u00e9e strat\u00e9gique vers une int\u00e9gration verticale de ses op\u00e9rations.<\/p>\n<p>Omar Lahlou, Pr\u00e9sident de Granal, souligne : \u00ab\u00a0Cette op\u00e9ration marque une \u00e9tape majeure dans la trajectoire de Granal. L\u2019entr\u00e9e de Red Med Private Equity (RMPE) nous apporte des ressources strat\u00e9giques pour poursuivre notre expansion, renforcer notre proximit\u00e9 avec nos clients et soutenir le d\u00e9veloppement des infrastructures marocaines avec des<br \/>\nmat\u00e9riaux de qualit\u00e9, issus d\u2019un savoir-faire \u00e9prouv\u00e9\u00a0\u00bb.<\/p>\n<p>De son c\u00f4t\u00e9, Jaafar Harti, CEO Africorp Consortium, d\u00e9clare : \u00ab\u00a0Le d\u00e9veloppement de Granal refl\u00e8te la vision d\u2019Africorp : structurer des p\u00f4les d\u2019excellence et accompagner le d\u00e9veloppement du pays. Ce partenariat avec Red Med Private Equity (RMPE) permet \u00e0 Granal de consolider sa position et de continuer \u00e0 se d\u00e9ployer sur l\u2019ensemble du territoire, en anticipant les besoins du secteur des infrastructures et du BTP\u00a0\u00bb.<\/p>\n<p>Mohamed Nasset, Managing Partner de Red Med Private Equity confie: \u00ab\u00a0A travers ce 4e investissement du Fonds Colombus 1, nous poursuivons notre strat\u00e9gie d\u2019accompagnement des PMEs nationales dans l\u2019impl\u00e9mentation de projets strat\u00e9giques et industriels ambitieux et cr\u00e9ateurs de valeur, \u00e0 la fois pour les participations et pour nos actionnaires. Notre<br \/>\npartenariat avec Africorp Consortium combin\u00e9 \u00e0 une \u00e9quipe de management de tr\u00e8s grande qualit\u00e9 permettront \u00e0 Granal de confirmer sa position d\u2019acteur de r\u00e9f\u00e9rence du secteur des mat\u00e9riaux de construction\u00a0\u00bb.<\/p>\n<p>Depuis sa cr\u00e9ation, Granal s\u2019est impos\u00e9e comme un acteur incontournable du secteur. Pass\u00e9e d\u2019un seul site d\u2019exploitation \u00e0 neuf aujourd\u2019hui, l\u2019entreprise a b\u00e2ti un maillage territorial couvrant notamment Benslimane, Tanger et Khemisset, et pr\u00e9voit de nouveaux sites.<\/p>\n<p>Sous la direction de Mounir El Grioui, Directeur G\u00e9n\u00e9ral de Granal, l\u2019entreprise s\u2019est forg\u00e9e une r\u00e9putation d\u2019excellence en mati\u00e8re d\u2019exploitation de carri\u00e8res et d\u2019innovation industrielle. \u00ab\u00a0Chez Granal, nous avons toujours mis\u00e9 sur l\u2019expertise de nos \u00e9quipes et la proximit\u00e9 avec nos clients. Gr\u00e2ce \u00e0 cette nouvelle dynamique, nous continuerons \u00e0 structurer notre offre et \u00e0 anticiper les besoins du march\u00e9 des infrastructures\u00a0\u00bb, explique-t-il.<\/p>\n<p>Granal int\u00e8gre une approche responsable dans ses activit\u00e9s, avec une politique RSE centr\u00e9e sur la protection de l\u2019environnement, le d\u00e9veloppement soci\u00e9tal et l\u2019emploi local. Gr\u00e2ce \u00e0 des investissements en innovation et en gestion durable des ressources, l\u2019entreprise s\u2019assure d\u2019un impact positif sur les r\u00e9gions o\u00f9 elle op\u00e8re.<\/p>\n<p>L\u2019entr\u00e9e de Red Med Private Equity (RMPE) au capital de Granal s\u2019inscrit ainsi dans une ambition commune de croissance durable et structur\u00e9e, au service du d\u00e9veloppement des infrastructures du Maroc.<\/p>\n<\/div><\/div><\/div><\/div><\/div><\/div><\/div><\/section><section class=\"l-section wpb_row height_small width_full with_overlay\"><div class=\"l-section-overlay\" style=\"background: #f5f5f5\"><\/div><div class=\"l-section-h i-cf\"><div class=\"g-cols vc_row type_default valign_top\"><div class=\"vc_col-sm-12 wpb_column vc_column_container animate_afb\"><div class=\"vc_column-inner\"><div class=\"wpb_wrapper\"><div class=\"g-cols wpb_row  type_default valign_middle vc_inner\"><div class=\"vc_col-sm-2 wpb_column vc_column_container\"><div class=\"vc_column-inner\"><div class=\"wpb_wrapper\"><\/div><\/div><\/div><div class=\"vc_col-sm-2 wpb_column vc_column_container\"><div class=\"vc_column-inner\"><div class=\"wpb_wrapper\"><h3 class=\"w-text us_custom_1f257949\"><span class=\"w-text-h\"><span class=\"w-text-value\">Read more<\/span><\/span><\/h3><\/div><\/div><\/div><div class=\"vc_col-sm-2 wpb_column vc_column_container\"><div class=\"vc_column-inner\"><div class=\"wpb_wrapper\"><div class=\"w-image align_center animate_afb\" style=\"animation-delay:0.2s\"><a href=\"https:\/\/www.infomediaire.net\/granal-ouvre-son-capital-a-red-med-private-equity-et-amorce-une-nouvelle-phase-de-croissance\/\" aria-label=\"Link\" class=\"w-image-h\"><img loading=\"lazy\" decoding=\"async\" width=\"810\" height=\"540\" src=\"https:\/\/www.redmedcapital.com\/wp-content\/uploads\/2021\/07\/info.png\" class=\"attachment-large size-large\" alt=\"\" srcset=\"https:\/\/www.redmedcapital.com\/wp-content\/uploads\/2021\/07\/info.png 810w, https:\/\/www.redmedcapital.com\/wp-content\/uploads\/2021\/07\/info-300x200.png 300w, https:\/\/www.redmedcapital.com\/wp-content\/uploads\/2021\/07\/info-600x400.png 600w\" sizes=\"auto, (max-width: 810px) 100vw, 810px\" \/><\/a><\/div><\/div><\/div><\/div><div class=\"vc_col-sm-2 wpb_column vc_column_container\"><div class=\"vc_column-inner\"><div class=\"wpb_wrapper\"><div class=\"w-image align_center animate_afb\" style=\"animation-delay:0.2s\"><a href=\"https:\/\/boursenews.ma\/article\/alaune\/Granal-red-med-PE\" aria-label=\"Link\" class=\"w-image-h\"><img loading=\"lazy\" decoding=\"async\" width=\"252\" height=\"66\" src=\"https:\/\/www.redmedcapital.com\/wp-content\/uploads\/2023\/02\/boursenews-2.png\" class=\"attachment-large size-large\" alt=\"\" \/><\/a><\/div><\/div><\/div><\/div><div class=\"vc_col-sm-2 wpb_column vc_column_container\"><div class=\"vc_column-inner\"><div class=\"wpb_wrapper\"><\/div><\/div><\/div><div class=\"vc_col-sm-2 wpb_column vc_column_container\"><div class=\"vc_column-inner\"><div class=\"wpb_wrapper\"><\/div><\/div><\/div><\/div><\/div><\/div><\/div><\/div><\/div><\/section>","protected":false},"excerpt":{"rendered":"Granal, acteur majeur de l\u2019exploitation de carri\u00e8res et filiale d\u2019Africorp Mining, p\u00f4le mines et carri\u00e8res de la holding Africorp Consortium, pr\u00e9sid\u00e9e par Saad Berrada Sounni, actionnaire majoritaire, annonce l\u2019entr\u00e9e du fonds d\u2019investissement Colombus 1 g\u00e9r\u00e9 par Red Med Private Equity (RMPE) \u00e0 hauteur de 20% de son capital. Cette op\u00e9ration strat\u00e9gique permettra \u00e0 Granal d\u2019acc\u00e9l\u00e9rer...","protected":false},"author":3,"featured_media":6578,"comment_status":"open","ping_status":"open","sticky":false,"template":"","format":"standard","meta":{"_acf_changed":false,"om_disable_all_campaigns":false,"footnotes":""},"categories":[3],"tags":[],"class_list":["post-6573","post","type-post","status-publish","format-standard","has-post-thumbnail","hentry","category-actualites"],"acf":[],"aioseo_notices":[],"_links":{"self":[{"href":"https:\/\/www.redmedcapital.com\/en\/wp-json\/wp\/v2\/posts\/6573","targetHints":{"allow":["GET"]}}],"collection":[{"href":"https:\/\/www.redmedcapital.com\/en\/wp-json\/wp\/v2\/posts"}],"about":[{"href":"https:\/\/www.redmedcapital.com\/en\/wp-json\/wp\/v2\/types\/post"}],"author":[{"embeddable":true,"href":"https:\/\/www.redmedcapital.com\/en\/wp-json\/wp\/v2\/users\/3"}],"replies":[{"embeddable":true,"href":"https:\/\/www.redmedcapital.com\/en\/wp-json\/wp\/v2\/comments?post=6573"}],"version-history":[{"count":4,"href":"https:\/\/www.redmedcapital.com\/en\/wp-json\/wp\/v2\/posts\/6573\/revisions"}],"predecessor-version":[{"id":6579,"href":"https:\/\/www.redmedcapital.com\/en\/wp-json\/wp\/v2\/posts\/6573\/revisions\/6579"}],"wp:featuredmedia":[{"embeddable":true,"href":"https:\/\/www.redmedcapital.com\/en\/wp-json\/wp\/v2\/media\/6578"}],"wp:attachment":[{"href":"https:\/\/www.redmedcapital.com\/en\/wp-json\/wp\/v2\/media?parent=6573"}],"wp:term":[{"taxonomy":"category","embeddable":true,"href":"https:\/\/www.redmedcapital.com\/en\/wp-json\/wp\/v2\/categories?post=6573"},{"taxonomy":"post_tag","embeddable":true,"href":"https:\/\/www.redmedcapital.com\/en\/wp-json\/wp\/v2\/tags?post=6573"}],"curies":[{"name":"wp","href":"https:\/\/api.w.org\/{rel}","templated":true}]}}